{"id":1025,"date":"2024-03-04T11:06:14","date_gmt":"2024-03-04T10:06:14","guid":{"rendered":"https:\/\/neydo.cloud\/?p=1025"},"modified":"2024-03-04T11:06:15","modified_gmt":"2024-03-04T10:06:15","slug":"mon-journal-de-reves-partie-ii","status":"publish","type":"post","link":"https:\/\/neydo.cloud\/fr\/mon-journal-de-reves-partie-ii\/","title":{"rendered":"Mon journal de r\u00eaves (Partie II)"},"content":{"rendered":"\n<p><\/p>\n\n\n\n<p><strong>Le 16 ao\u00fbt 2023<\/strong><\/p>\n\n\n\n<p>Apr\u00e8s avoir \u00e9t\u00e9 hant\u00e9e en songes par cette odeur de rose venue me rappeler Grand-p\u00e8re, je me suis demand\u00e9e si je pourrais consciemment r\u00eaver d\u2019odeurs. J\u2019ai toujours \u00e9t\u00e9 fascin\u00e9e par l\u2019id\u00e9e des r\u00eaves lucides. La perspective de contr\u00f4ler non seulement la situation mais aussi les sensations d\u2019un r\u00eave est exaltante ! Mais sentir en esprit, m\u00eame lorsqu\u2019on est \u00e9veill\u00e9, n\u2019est pas chose ais\u00e9e\u2026&nbsp;&nbsp;<\/p>\n\n\n\n<p>Hier soir, en m\u2019endormant, j\u2019ai song\u00e9 tr\u00e8s fort au parfum de la lavande. Il me semblait logique de commencer par une odeur que je connais bien, dont je suis capable de me repr\u00e9senter les nuances sans qu\u2019elle ne soit v\u00e9ritablement pr\u00e9sente. C\u2019est un exercice difficile, et la concentration que cela m\u2019a demand\u00e9 a retard\u00e9 longtemps mon endormissement. Je me suis ce matin r\u00e9veill\u00e9e d\u00e9\u00e7ue : non seulement n\u2019ai-je rien senti, mais j\u2019ai m\u00eame aucun souvenir d\u2019avoir r\u00eav\u00e9. J\u2019imagine qu\u2019il me faudra un peu d\u2019entrainement !<\/p>\n\n\n\n<p><strong>Le 26 ao\u00fbt 2023<\/strong><\/p>\n\n\n\n<p>Depuis dix jours, je r\u00e9p\u00e8te chaque soir l\u2019exercice de sentir mentalement un parfum. Je choisis souvent la lavande, mais j\u2019ai aussi essay\u00e9 le citron, la menthe et m\u00eame la rose, qui semble avoir quelque pouvoir sur mon esprit. Jusqu\u2019\u00e0 pr\u00e9sent je n\u2019avais pas r\u00e9ussi \u00e0 percevoir le moindre effluve dans mes r\u00eaves, qui n\u2019avaient d\u2019ailleurs rien \u00e0 voir avec toutes ces senteurs.<\/p>\n\n\n\n<p>Mais alors que j\u2019avais hier soir renonc\u00e9 \u00e0 faire mes exercices, fatigu\u00e9e par une journ\u00e9e particuli\u00e8rement stressante au travail, l&rsquo;odeur famili\u00e8re de l&rsquo;herbe fra\u00eechement coup\u00e9e a cette nuit envahi mes narines ! Ou mon cerveau, devrais-je plut\u00f4t dire. Je me trouvais pieds nus dans un jardin. Chaque brin d&rsquo;herbe lib\u00e9rait un parfum vert et vibrant, plein de souvenirs joyeux. Peut-\u00eatre que l&rsquo;entra\u00eenement des nuits pr\u00e9c\u00e9dentes a finalement port\u00e9 ses fruits !<\/p>\n\n\n\n<p><strong>Le 27 ao\u00fbt 2023<\/strong><\/p>\n\n\n\n<p>Encourag\u00e9e par cette odeur d\u2019herbe foul\u00e9e de la nuit derni\u00e8re, j\u2019ai choisi hier soir de me repr\u00e9senter, plut\u00f4t qu\u2019une odeur, une situation dans laquelle les odeurs pourraient surgir. J\u2019ai fait mentalement le tour du haras o\u00f9 j\u2019ai longtemps mont\u00e9 \u00e0 cheval. Les carri\u00e8res, le man\u00e8ge, les \u00e9curies, la sellerie, j\u2019ai tout pass\u00e9 en revue avant de m\u2019endormir.&nbsp;<\/p>\n\n\n\n<p>Je me souviens mal du r\u00eave qui a suivi. Mais je suis presque certaine d\u2019avoir per\u00e7u, le temps d\u2019un instant, la senteur caract\u00e9ristique du tapis de selle lorsqu\u2019on le retire apr\u00e8s le travail. Ce parfum chaud et vivant de cuir, de graisse et de sueur \u00e9quine. Peut-\u00eatre y a-t-il toujours un peu de nostalgie attach\u00e9e aux odeurs que l\u2019on sent en r\u00eave\u2026<\/p>\n","protected":false},"excerpt":{"rendered":"<p>Dans cette s\u00e9rie, d\u00e9couvrez le journal de r\u00eaves d\u2019un personnage dont les songes sont r\u00e9guli\u00e8rement travers\u00e9s d\u2019effluves. D\u00e9ambulez ainsi, au fil de ses entr\u00e9es, dans l\u2019inconscient myst\u00e9rieux d\u2019une r\u00eaveuse olfactive.<\/p>\n","protected":false},"author":7,"featured_media":1023,"comment_status":"closed","ping_status":"closed","sticky":false,"template":"","format":"standard","meta":{"_acf_changed":false,"footnotes":""},"categories":[45],"tags":[],"class_list":["post-1025","post","type-post","status-publish","format-standard","has-post-thumbnail","hentry","category-non-classifiee"],"acf":[],"yoast_head":"<!-- This site is optimized with the Yoast SEO plugin v25.6 - https:\/\/yoast.com\/wordpress\/plugins\/seo\/ -->\n<title>Mon journal de r\u00eaves (Partie II)<\/title>\n<meta name=\"robots\" content=\"index, follow, max-snippet:-1, max-image-preview:large, max-video-preview:-1\" \/>\n<link rel=\"canonical\" href=\"https:\/\/neydo.cloud\/fr\/mon-journal-de-reves-partie-ii\/\" \/>\n<meta property=\"og:locale\" content=\"fr_FR\" \/>\n<meta property=\"og:type\" content=\"article\" \/>\n<meta property=\"og:title\" content=\"Mon journal de r\u00eaves (Partie II)\" \/>\n<meta property=\"og:description\" content=\"Dans cette s\u00e9rie, d\u00e9couvrez le journal de r\u00eaves d\u2019un personnage dont les songes sont r\u00e9guli\u00e8rement travers\u00e9s d\u2019effluves. D\u00e9ambulez ainsi, au fil de ses entr\u00e9es, dans l\u2019inconscient myst\u00e9rieux d\u2019une r\u00eaveuse olfactive.\" \/>\n<meta property=\"og:url\" content=\"https:\/\/neydo.cloud\/fr\/mon-journal-de-reves-partie-ii\/\" \/>\n<meta property=\"og:site_name\" content=\"Neydo\" \/>\n<meta property=\"article:published_time\" content=\"2024-03-04T10:06:14+00:00\" \/>\n<meta property=\"article:modified_time\" content=\"2024-03-04T10:06:15+00:00\" \/>\n<meta property=\"og:image\" content=\"https:\/\/neydo.cloud\/wp-content\/uploads\/2024\/03\/Barefoot_eva_01_600x600_monjournalderevesII.png\" \/>\n\t<meta property=\"og:image:width\" content=\"600\" \/>\n\t<meta property=\"og:image:height\" content=\"600\" \/>\n\t<meta property=\"og:image:type\" content=\"image\/png\" \/>\n<meta name=\"author\" content=\"assistantnez\" \/>\n<meta name=\"twitter:card\" content=\"summary_large_image\" \/>\n<meta name=\"twitter:label1\" content=\"\u00c9crit par\" \/>\n\t<meta name=\"twitter:data1\" content=\"assistantnez\" \/>\n\t<meta name=\"twitter:label2\" content=\"Dur\u00e9e de lecture estim\u00e9e\" \/>\n\t<meta name=\"twitter:data2\" content=\"2 minutes\" \/>\n<script type=\"application\/ld+json\" class=\"yoast-schema-graph\">{\"@context\":\"https:\/\/schema.org\",\"@graph\":[{\"@type\":\"Article\",\"@id\":\"https:\/\/neydo.cloud\/fr\/mon-journal-de-reves-partie-ii\/#article\",\"isPartOf\":{\"@id\":\"https:\/\/neydo.cloud\/fr\/mon-journal-de-reves-partie-ii\/\"},\"author\":{\"name\":\"assistantnez\",\"@id\":\"https:\/\/neydo.cloud\/fr\/#\/schema\/person\/ea20f86b7f46317e7828760199e6366d\"},\"headline\":\"Mon journal de r\u00eaves (Partie II)\",\"datePublished\":\"2024-03-04T10:06:14+00:00\",\"dateModified\":\"2024-03-04T10:06:15+00:00\",\"mainEntityOfPage\":{\"@id\":\"https:\/\/neydo.cloud\/fr\/mon-journal-de-reves-partie-ii\/\"},\"wordCount\":501,\"publisher\":{\"@id\":\"https:\/\/neydo.cloud\/fr\/#organization\"},\"image\":{\"@id\":\"https:\/\/neydo.cloud\/fr\/mon-journal-de-reves-partie-ii\/#primaryimage\"},\"thumbnailUrl\":\"https:\/\/neydo.cloud\/wp-content\/uploads\/2024\/03\/Barefoot_eva_01_600x600_monjournalderevesII.png\",\"articleSection\":[\"Non classifi\u00e9(e)\"],\"inLanguage\":\"fr-FR\"},{\"@type\":\"WebPage\",\"@id\":\"https:\/\/neydo.cloud\/fr\/mon-journal-de-reves-partie-ii\/\",\"url\":\"https:\/\/neydo.cloud\/fr\/mon-journal-de-reves-partie-ii\/\",\"name\":\"Mon journal de r\u00eaves (Partie II)\",\"isPartOf\":{\"@id\":\"https:\/\/neydo.cloud\/fr\/#website\"},\"primaryImageOfPage\":{\"@id\":\"https:\/\/neydo.cloud\/fr\/mon-journal-de-reves-partie-ii\/#primaryimage\"},\"image\":{\"@id\":\"https:\/\/neydo.cloud\/fr\/mon-journal-de-reves-partie-ii\/#primaryimage\"},\"thumbnailUrl\":\"https:\/\/neydo.cloud\/wp-content\/uploads\/2024\/03\/Barefoot_eva_01_600x600_monjournalderevesII.png\",\"datePublished\":\"2024-03-04T10:06:14+00:00\",\"dateModified\":\"2024-03-04T10:06:15+00:00\",\"breadcrumb\":{\"@id\":\"https:\/\/neydo.cloud\/fr\/mon-journal-de-reves-partie-ii\/#breadcrumb\"},\"inLanguage\":\"fr-FR\",\"potentialAction\":[{\"@type\":\"ReadAction\",\"target\":[\"https:\/\/neydo.cloud\/fr\/mon-journal-de-reves-partie-ii\/\"]}]},{\"@type\":\"ImageObject\",\"inLanguage\":\"fr-FR\",\"@id\":\"https:\/\/neydo.cloud\/fr\/mon-journal-de-reves-partie-ii\/#primaryimage\",\"url\":\"https:\/\/neydo.cloud\/wp-content\/uploads\/2024\/03\/Barefoot_eva_01_600x600_monjournalderevesII.png\",\"contentUrl\":\"https:\/\/neydo.cloud\/wp-content\/uploads\/2024\/03\/Barefoot_eva_01_600x600_monjournalderevesII.png\",\"width\":600,\"height\":600},{\"@type\":\"BreadcrumbList\",\"@id\":\"https:\/\/neydo.cloud\/fr\/mon-journal-de-reves-partie-ii\/#breadcrumb\",\"itemListElement\":[{\"@type\":\"ListItem\",\"position\":1,\"name\":\"Accueil\",\"item\":\"https:\/\/neydo.cloud\/fr\/\"},{\"@type\":\"ListItem\",\"position\":2,\"name\":\"Mon journal de r\u00eaves (Partie II)\"}]},{\"@type\":\"WebSite\",\"@id\":\"https:\/\/neydo.cloud\/fr\/#website\",\"url\":\"https:\/\/neydo.cloud\/fr\/\",\"name\":\"Olfactory dreamers\",\"description\":\"\",\"publisher\":{\"@id\":\"https:\/\/neydo.cloud\/fr\/#organization\"},\"potentialAction\":[{\"@type\":\"SearchAction\",\"target\":{\"@type\":\"EntryPoint\",\"urlTemplate\":\"https:\/\/neydo.cloud\/fr\/?s={search_term_string}\"},\"query-input\":{\"@type\":\"PropertyValueSpecification\",\"valueRequired\":true,\"valueName\":\"search_term_string\"}}],\"inLanguage\":\"fr-FR\"},{\"@type\":\"Organization\",\"@id\":\"https:\/\/neydo.cloud\/fr\/#organization\",\"name\":\"Olfactory dreamers\",\"url\":\"https:\/\/neydo.cloud\/fr\/\",\"logo\":{\"@type\":\"ImageObject\",\"inLanguage\":\"fr-FR\",\"@id\":\"https:\/\/neydo.cloud\/fr\/#\/schema\/logo\/image\/\",\"url\":\"https:\/\/neydo.cloud\/wp-content\/uploads\/2023\/10\/neydo.svg\",\"contentUrl\":\"https:\/\/neydo.cloud\/wp-content\/uploads\/2023\/10\/neydo.svg\",\"width\":194,\"height\":36,\"caption\":\"Olfactory dreamers\"},\"image\":{\"@id\":\"https:\/\/neydo.cloud\/fr\/#\/schema\/logo\/image\/\"}},{\"@type\":\"Person\",\"@id\":\"https:\/\/neydo.cloud\/fr\/#\/schema\/person\/ea20f86b7f46317e7828760199e6366d\",\"name\":\"assistantnez\",\"image\":{\"@type\":\"ImageObject\",\"inLanguage\":\"fr-FR\",\"@id\":\"https:\/\/neydo.cloud\/fr\/#\/schema\/person\/image\/\",\"url\":\"https:\/\/secure.gravatar.com\/avatar\/e7d4ee369bd1fab5d53e303877948713d774d01d726fd35473c1fc8ad1daed73?s=96&d=mm&r=g\",\"contentUrl\":\"https:\/\/secure.gravatar.com\/avatar\/e7d4ee369bd1fab5d53e303877948713d774d01d726fd35473c1fc8ad1daed73?s=96&d=mm&r=g\",\"caption\":\"assistantnez\"},\"url\":\"https:\/\/neydo.cloud\/fr\/author\/assistantnez\/\"}]}<\/script>\n<!-- \/ Yoast SEO plugin. -->","yoast_head_json":{"title":"Mon journal de r\u00eaves (Partie II)","robots":{"index":"index","follow":"follow","max-snippet":"max-snippet:-1","max-image-preview":"max-image-preview:large","max-video-preview":"max-video-preview:-1"},"canonical":"https:\/\/neydo.cloud\/fr\/mon-journal-de-reves-partie-ii\/","og_locale":"fr_FR","og_type":"article","og_title":"Mon journal de r\u00eaves (Partie II)","og_description":"Dans cette s\u00e9rie, d\u00e9couvrez le journal de r\u00eaves d\u2019un personnage dont les songes sont r\u00e9guli\u00e8rement travers\u00e9s d\u2019effluves. D\u00e9ambulez ainsi, au fil de ses entr\u00e9es, dans l\u2019inconscient myst\u00e9rieux d\u2019une r\u00eaveuse olfactive.","og_url":"https:\/\/neydo.cloud\/fr\/mon-journal-de-reves-partie-ii\/","og_site_name":"Neydo","article_published_time":"2024-03-04T10:06:14+00:00","article_modified_time":"2024-03-04T10:06:15+00:00","og_image":[{"width":600,"height":600,"url":"https:\/\/neydo.cloud\/wp-content\/uploads\/2024\/03\/Barefoot_eva_01_600x600_monjournalderevesII.png","type":"image\/png"}],"author":"assistantnez","twitter_card":"summary_large_image","twitter_misc":{"\u00c9crit par":"assistantnez","Dur\u00e9e de lecture estim\u00e9e":"2 minutes"},"schema":{"@context":"https:\/\/schema.org","@graph":[{"@type":"Article","@id":"https:\/\/neydo.cloud\/fr\/mon-journal-de-reves-partie-ii\/#article","isPartOf":{"@id":"https:\/\/neydo.cloud\/fr\/mon-journal-de-reves-partie-ii\/"},"author":{"name":"assistantnez","@id":"https:\/\/neydo.cloud\/fr\/#\/schema\/person\/ea20f86b7f46317e7828760199e6366d"},"headline":"Mon journal de r\u00eaves (Partie II)","datePublished":"2024-03-04T10:06:14+00:00","dateModified":"2024-03-04T10:06:15+00:00","mainEntityOfPage":{"@id":"https:\/\/neydo.cloud\/fr\/mon-journal-de-reves-partie-ii\/"},"wordCount":501,"publisher":{"@id":"https:\/\/neydo.cloud\/fr\/#organization"},"image":{"@id":"https:\/\/neydo.cloud\/fr\/mon-journal-de-reves-partie-ii\/#primaryimage"},"thumbnailUrl":"https:\/\/neydo.cloud\/wp-content\/uploads\/2024\/03\/Barefoot_eva_01_600x600_monjournalderevesII.png","articleSection":["Non classifi\u00e9(e)"],"inLanguage":"fr-FR"},{"@type":"WebPage","@id":"https:\/\/neydo.cloud\/fr\/mon-journal-de-reves-partie-ii\/","url":"https:\/\/neydo.cloud\/fr\/mon-journal-de-reves-partie-ii\/","name":"Mon journal de r\u00eaves (Partie II)","isPartOf":{"@id":"https:\/\/neydo.cloud\/fr\/#website"},"primaryImageOfPage":{"@id":"https:\/\/neydo.cloud\/fr\/mon-journal-de-reves-partie-ii\/#primaryimage"},"image":{"@id":"https:\/\/neydo.cloud\/fr\/mon-journal-de-reves-partie-ii\/#primaryimage"},"thumbnailUrl":"https:\/\/neydo.cloud\/wp-content\/uploads\/2024\/03\/Barefoot_eva_01_600x600_monjournalderevesII.png","datePublished":"2024-03-04T10:06:14+00:00","dateModified":"2024-03-04T10:06:15+00:00","breadcrumb":{"@id":"https:\/\/neydo.cloud\/fr\/mon-journal-de-reves-partie-ii\/#breadcrumb"},"inLanguage":"fr-FR","potentialAction":[{"@type":"ReadAction","target":["https:\/\/neydo.cloud\/fr\/mon-journal-de-reves-partie-ii\/"]}]},{"@type":"ImageObject","inLanguage":"fr-FR","@id":"https:\/\/neydo.cloud\/fr\/mon-journal-de-reves-partie-ii\/#primaryimage","url":"https:\/\/neydo.cloud\/wp-content\/uploads\/2024\/03\/Barefoot_eva_01_600x600_monjournalderevesII.png","contentUrl":"https:\/\/neydo.cloud\/wp-content\/uploads\/2024\/03\/Barefoot_eva_01_600x600_monjournalderevesII.png","width":600,"height":600},{"@type":"BreadcrumbList","@id":"https:\/\/neydo.cloud\/fr\/mon-journal-de-reves-partie-ii\/#breadcrumb","itemListElement":[{"@type":"ListItem","position":1,"name":"Accueil","item":"https:\/\/neydo.cloud\/fr\/"},{"@type":"ListItem","position":2,"name":"Mon journal de r\u00eaves (Partie II)"}]},{"@type":"WebSite","@id":"https:\/\/neydo.cloud\/fr\/#website","url":"https:\/\/neydo.cloud\/fr\/","name":"Olfactory dreamers","description":"","publisher":{"@id":"https:\/\/neydo.cloud\/fr\/#organization"},"potentialAction":[{"@type":"SearchAction","target":{"@type":"EntryPoint","urlTemplate":"https:\/\/neydo.cloud\/fr\/?s={search_term_string}"},"query-input":{"@type":"PropertyValueSpecification","valueRequired":true,"valueName":"search_term_string"}}],"inLanguage":"fr-FR"},{"@type":"Organization","@id":"https:\/\/neydo.cloud\/fr\/#organization","name":"Olfactory dreamers","url":"https:\/\/neydo.cloud\/fr\/","logo":{"@type":"ImageObject","inLanguage":"fr-FR","@id":"https:\/\/neydo.cloud\/fr\/#\/schema\/logo\/image\/","url":"https:\/\/neydo.cloud\/wp-content\/uploads\/2023\/10\/neydo.svg","contentUrl":"https:\/\/neydo.cloud\/wp-content\/uploads\/2023\/10\/neydo.svg","width":194,"height":36,"caption":"Olfactory dreamers"},"image":{"@id":"https:\/\/neydo.cloud\/fr\/#\/schema\/logo\/image\/"}},{"@type":"Person","@id":"https:\/\/neydo.cloud\/fr\/#\/schema\/person\/ea20f86b7f46317e7828760199e6366d","name":"assistantnez","image":{"@type":"ImageObject","inLanguage":"fr-FR","@id":"https:\/\/neydo.cloud\/fr\/#\/schema\/person\/image\/","url":"https:\/\/secure.gravatar.com\/avatar\/e7d4ee369bd1fab5d53e303877948713d774d01d726fd35473c1fc8ad1daed73?s=96&d=mm&r=g","contentUrl":"https:\/\/secure.gravatar.com\/avatar\/e7d4ee369bd1fab5d53e303877948713d774d01d726fd35473c1fc8ad1daed73?s=96&d=mm&r=g","caption":"assistantnez"},"url":"https:\/\/neydo.cloud\/fr\/author\/assistantnez\/"}]}},"_links":{"self":[{"href":"https:\/\/neydo.cloud\/fr\/wp-json\/wp\/v2\/posts\/1025","targetHints":{"allow":["GET"]}}],"collection":[{"href":"https:\/\/neydo.cloud\/fr\/wp-json\/wp\/v2\/posts"}],"about":[{"href":"https:\/\/neydo.cloud\/fr\/wp-json\/wp\/v2\/types\/post"}],"author":[{"embeddable":true,"href":"https:\/\/neydo.cloud\/fr\/wp-json\/wp\/v2\/users\/7"}],"replies":[{"embeddable":true,"href":"https:\/\/neydo.cloud\/fr\/wp-json\/wp\/v2\/comments?post=1025"}],"version-history":[{"count":1,"href":"https:\/\/neydo.cloud\/fr\/wp-json\/wp\/v2\/posts\/1025\/revisions"}],"predecessor-version":[{"id":1026,"href":"https:\/\/neydo.cloud\/fr\/wp-json\/wp\/v2\/posts\/1025\/revisions\/1026"}],"wp:featuredmedia":[{"embeddable":true,"href":"https:\/\/neydo.cloud\/fr\/wp-json\/wp\/v2\/media\/1023"}],"wp:attachment":[{"href":"https:\/\/neydo.cloud\/fr\/wp-json\/wp\/v2\/media?parent=1025"}],"wp:term":[{"taxonomy":"category","embeddable":true,"href":"https:\/\/neydo.cloud\/fr\/wp-json\/wp\/v2\/categories?post=1025"},{"taxonomy":"post_tag","embeddable":true,"href":"https:\/\/neydo.cloud\/fr\/wp-json\/wp\/v2\/tags?post=1025"}],"curies":[{"name":"wp","href":"https:\/\/api.w.org\/{rel}","templated":true}]}}